{"id":343,"date":"2021-01-11T13:22:22","date_gmt":"2021-01-11T12:22:22","guid":{"rendered":"http:\/\/www.wordpress.harpandco.be\/?p=343"},"modified":"2021-10-13T19:49:26","modified_gmt":"2021-10-13T17:49:26","slug":"world-premiere-recording-2","status":"publish","type":"post","link":"https:\/\/www.harpandco.be\/?p=343","title":{"rendered":"Frida Kern                         World  Premiere  Recording"},"content":{"rendered":"\n<p><\/p>\n\n\n\n<figure class=\"wp-block-image size-full\"><img loading=\"lazy\" decoding=\"async\" width=\"489\" height=\"355\" src=\"https:\/\/www.harpandco.be\/wp-content\/uploads\/2021\/10\/image-6.png\" alt=\"\" class=\"wp-image-464\" srcset=\"https:\/\/www.harpandco.be\/wp-content\/uploads\/2021\/10\/image-6.png 489w, https:\/\/www.harpandco.be\/wp-content\/uploads\/2021\/10\/image-6-300x218.png 300w, https:\/\/www.harpandco.be\/wp-content\/uploads\/2021\/10\/image-6-83x60.png 83w\" sizes=\"auto, (max-width: 489px) 100vw, 489px\" \/><\/figure>\n\n\n\n<figure class=\"wp-block-image size-large\"><img loading=\"lazy\" decoding=\"async\" width=\"1024\" height=\"531\" src=\"https:\/\/www.harpandco.be\/wp-content\/uploads\/2021\/10\/image-7-1024x531.png\" alt=\"\" class=\"wp-image-468\" srcset=\"https:\/\/www.harpandco.be\/wp-content\/uploads\/2021\/10\/image-7-1024x531.png 1024w, https:\/\/www.harpandco.be\/wp-content\/uploads\/2021\/10\/image-7-300x156.png 300w, https:\/\/www.harpandco.be\/wp-content\/uploads\/2021\/10\/image-7-768x398.png 768w, https:\/\/www.harpandco.be\/wp-content\/uploads\/2021\/10\/image-7-116x60.png 116w, https:\/\/www.harpandco.be\/wp-content\/uploads\/2021\/10\/image-7.png 1437w\" sizes=\"auto, (max-width: 1024px) 100vw, 1024px\" \/><\/figure>\n\n\n\n<p>N\u00e9e le 9 mars 1891, Frida Kern (n\u00e9e Seitz) passe les premi\u00e8res ann\u00e9es de sa vie \u00e0 Vienne,<br>puis \u00e0 Linz, o\u00f9 sa famille s\u2019installe en 1896. C\u2019est \u00e0 Linz qu\u2019elle prend ses premi\u00e8res le\u00e7ons<br>de piano avec la pianiste Anna Zappa, avant d\u2019entrer \u00e0 l\u2019Acad\u00e9mie de Musique de Linz dans la<br>classe d\u2019August G\u00f6llerich. En 1909, elle \u00e9pouse l\u2019employ\u00e9 de banque Max Kern. A cette \u00e9poque,<br>la musique est pour la jeune femme plut\u00f4t un passe-temps et un d\u00e9lassement, et elle ne songe<br>encore nullement \u00e0 en faire son m\u00e9tier. En 1911 cependant, elle commence \u00e0 composer, mais ce<br>n\u2019est qu\u2019en 1923 qu\u2019elle entrera \u00e0 l\u2019Acad\u00e9mie de Vienne dans la classe de composition de Franz<br>Schmidt et dans la classe de direction d\u2019orchestre de Robert Heger. Elle sera plus tard l\u2019\u00e9l\u00e8ve de<\/p>\n\n\n\n<p>Eusebius Mandyczewski et de Alexander Wunderer. En 1927, elle obtient ses dipl\u00f4mes de compo-<br>sition et de direction d\u2019orchestre. Elle fonde par la suite un orchestre de femmes avec lequel elle<\/p>\n\n\n\n<p>effectuera des tourn\u00e9es en Europe et en Afrique du Nord. Ses oeuvres, ex\u00e9cut\u00e9es en concert et \u00e0 la<\/p>\n\n\n\n<p>radio, connaissaient alors une grande popularit\u00e9. En 1942, elle s\u2019installe \u00e0 Vienne, o\u00f9 elle ensei-<br>gne la musicologie \u00e0 l\u2019Universit\u00e9. Elle occupera ce poste jusqu\u2019en 1945, puis revient \u00e0 son m\u00e9tier<\/p>\n\n\n\n<p>de compositeur, poursuivant son activit\u00e9 jusqu\u2019en 1965. En 1960 elle re\u00e7oit de l\u2019Etat autrichien le<br>titre honorifique de Professeur. Elle d\u00e9c\u00e9dera le 23 d\u00e9cembre 1988 \u00e0 Linz. Frida Kern d\u00e9finissait<br>elle-m\u00eame son style post-romantique comme \u2018n\u00e9o-classique\u2019 et \u2018tonal progressiste\u2019. Elle fut de<br>son vivant un compositeur reconnu, et ses oeuvres furent beaucoup jou\u00e9es en concert. Ce cd<br>refl\u00e8te la richesse et la vari\u00e9t\u00e9 de ses compositions. La Ballade pour harpe solo s\u2019inscrit dans un<br>style romantique virtuose. Le Spanischer Tanz pour basson et harpe est une pi\u00e8ce nostalgique aux<br>motifs m\u00e9diterran\u00e9ens. Le Th\u00e8me et Variations pour viole d\u2019amour et harpe marie magnifiquement<br>les deux instruments sur un th\u00e8me chantant, multipliant les effets sonores tels que la variation en<br>harmoniques et nous rappelle parfois le style de Mahler.<br>La formation classique du Quintette (violon, alto, violoncelle, fl\u00fbte et harpe) est mise en valeur<br>par des th\u00e8mes romantiques de caract\u00e8re joyeux et populaire. Cette pi\u00e8ce inconnue jusqu\u2019\u00e0<br>aujourd\u2019hui m\u00e9rite sa place dans le r\u00e9pertoire de cette formation riche en couleurs: Unit\u00e9 des trois cordes complices de la virtuosit\u00e9 de la fl\u00fbte, coupl\u00e9e \u00e0 une tr\u00e8s belle cadence de harpe. La musi-<br>que pour instruments \u00e0 vent tient une place plut\u00f4t modeste dans l\u2019oeuvre de Frida Kern. Seules 8 pi\u00e8ces, sur les 85 opus que compte son oeuvre, sont consacr\u00e9es aux vents: l\u2019Octuor op. 3, le Quintette pour clarinette et cordes op. 19, Impressionen op. 19 (fl\u00fbte, harpe, violon, alto, violon-<br>celle), Scherzo op. 43 pour cor et orchestre, S\u00e9r\u00e9nade op. 26 pour fl\u00fbte et piano, Danse Espagnole op. 24 pour basson et harpe, Th\u00e8me et Variations op. 44 pour 4 cors, et deux Quintettes \u00e0 vent:<br>Th\u00e8me et Variations (1961) et les Vier St\u00fccke f\u00fcr Bl\u00e4serquintett op. 25. Cette derni\u00e8re oeuvre est<br>\u00e9crite dans un style n\u00e9o-classique \u00e9voquant les grands quintettes \u00e0 vent \u00e9crits \u00e0 la fin<br>booklet_rose.indd, Planche 2 sur 6 &#8211; Pages (2, 11) 20\/02\/2007 20:30<\/p>\n\n\n\n<p>Philippe Gonzalez, Prix d\u2019Honneur (upper level) at Bayonne\u2019s National School of Music in 1988,<br>received a first medal for his final degree in oboe at the National Conservatory of the Paris Region.<br>He received a First Prize for Chamber Music for Wind Quintet. In 1992 he was a prize winner at<br>Montpellier\u2019s Oboe National Competition. In 1995 he was, a prize winner at New York\u2019s Third<br>International Competition for Solo Oboe. He currently is the oboe soloist for the Philharmonic<br>Orchestra of Luxembourg.<\/p>\n\n\n\n<p>Philippe Gonzalez, avait obtenu un Prix d\u2019Honneur \u00e0 l\u2019ENM de Bayonne en degr\u00e9 perfectionne-<br>ment en 1988, obtient en 1989 une premi\u00e8re m\u00e9daille en degr\u00e9 sup\u00e9rieur de hautbois au CNR de Paris. Il obtient un Premier Prix de Musique de chambre en Quintette \u00e0 vent. En 1992 il est Laur\u00e9at<br>du Concours National de Hautbois de Montpellier. En 1995, il est Laur\u00e9at du \u00ab3\u00e8me Concours<br>International de Hautbois Solo\u00bb de New York. Philippe Gonzalez est aujourd\u2019hui Hautbois solo \u00e0<br>l\u2019Orchestre Philharmonique du Luxembourg.<br>Emmanuel Chaussade, began his studies at the Conservatoire National de la R\u00e9gion de Nantes,<br>than at the Conservatoire National Sup\u00e9rieur de Paris where he studied with Michel Arrignon and<br>Jean-No\u00ebl Crocq and obtained his First Prize. Founding member of the Choros Quintet, with<br>whom he toured all over the world. Prize Winner of the International Chaber Music Competition of<br>Gu\u00e9rande. Since 1977 he is soloist for bass clarinet at the Luxembourg Philharmonique Orchestra.<br>Emmanuel Chaussade, commen\u00e7a ses \u00e9tudes au Conservatoire National de la R\u00e9gion de Nante,<br>ensuite il \u00e9tudia avec Michel Arrignon et Jean-No\u00ebl Crocq au Conservatoire National Sup\u00e9rieure de<br>Paris, o\u00f9 il obtenu le premier prix. Membre fondateur du quintet Choros, avec lequel il fit le tour du<br>monde. Laur\u00e9at du concours de Musique de Chambre International de Gu\u00e9rande. Depuis 1977, il<br>est soliste de clarinette basse \u00e0 l\u2019Orchestre Philharmonique de Luxembourg.<br>Ivo Hadermann, Higher Diploma\u2019s for Horn at the Royal Conservatory of Brussels and Chamber<br>music at the Royal Flemish Conservatory in Antwerp, laureate of the 1978 Tenuto competition in<\/p>\n\n\n\n<p>Brussels. Further he studied with Dale Clevenger (Chicago) and Alan Civil (London). His disco-<br>graphy includes several solo concerti as well as the main Chamber Music repertoire. He teaches the<\/p>\n\n\n\n<p>Horn, Chamber Music and Transposition at the Royal Flemish Conservatory of Antwerp.<\/p>\n\n\n\n<p>Ivo Hadermann a fait ses \u00e9tudes musicales d\u2019abord aux conservatoires de Bruxelles et d\u2019An-<br>vers, a obtenu les Dipl\u00f4mes Sup\u00e9rieurs de cor et la musique de chambre. Apr\u00e8s il se perfectionne<\/p>\n\n\n\n<p>chez Dale Clevenger \u00e0 Chicago et Alan Civil \u00e0 Londres. En 1978, laur\u00e9at du concours Tenuto \u00e0<br>Bruxelles. Depuis 1978 il est Cor solo de l\u2019Orchestre National de Belgique. Il enseigne le cor, la<br>musique de chambre et la transposition au Conservatoire Royal Flamand d\u2019Anvers. Sa discographie<br>est impressionnante et comporte des concertos pour cor ainsi que le grand r\u00e9pertoire de la musique<br>de chambre.<\/p>\n\n\n\n<p>du 18\u00e8me d\u00e9but 19\u00e8me si\u00e8cle par Franz Danzi et Anton Reicha. Apr\u00e8s une courte introduction<br>pr\u00e9sentant les 5 instruments, le premier mouvement baigne dans une atmosph\u00e8re champ\u00eatre qui<br>n\u2019est pas sans rappeler les premiers mouvements des symphonies de Haydn ou Mozart. Le ton<br>change compl\u00e8tement dans le deuxi\u00e8me mouvement, qui rappellerait plut\u00f4t l\u2019atmosph\u00e8re du \u201cLied<br>von der Erde\u201d de Gustav Mahler. Le troisi\u00e8me mouvement est en forme de Lied dont la section A<br>est une sorte de valse viennoise, la section B \u00e9tant une sorte de \u201cperpetuum mobile\u201d, un v\u00e9ritable<br>d\u00e9fi technique pour les ex\u00e9cutants. Le Quintette se termine par un scherzo optimiste.<\/p>\n","protected":false},"excerpt":{"rendered":"<p>N\u00e9e le 9 mars 1891, Frida Kern (n\u00e9e Seitz) passe les premi\u00e8res ann\u00e9es de sa vie \u00e0 Vienne,puis \u00e0 Linz, o\u00f9 sa famille s\u2019installe en 1896. C\u2019est \u00e0 Linz qu\u2019elle prend ses premi\u00e8res le\u00e7onsde piano avec la pianiste Anna Zappa, avant d\u2019entrer \u00e0 l\u2019Acad\u00e9mie de Musique de Linz dans laclasse d\u2019August G\u00f6llerich. En 1909, elle [&hellip;]<\/p>\n","protected":false},"author":1,"featured_media":344,"comment_status":"open","ping_status":"open","sticky":false,"template":"","format":"standard","meta":{"footnotes":""},"categories":[1],"tags":[22,5,25,26],"class_list":["post-343","post","type-post","status-publish","format-standard","has-post-thumbnail","hentry","category-release","tag-bassoon-and-harp","tag-chamber-music-2","tag-quintet","tag-viola-damore-and-harp"],"_links":{"self":[{"href":"https:\/\/www.harpandco.be\/index.php?rest_route=\/wp\/v2\/posts\/343","targetHints":{"allow":["GET"]}}],"collection":[{"href":"https:\/\/www.harpandco.be\/index.php?rest_route=\/wp\/v2\/posts"}],"about":[{"href":"https:\/\/www.harpandco.be\/index.php?rest_route=\/wp\/v2\/types\/post"}],"author":[{"embeddable":true,"href":"https:\/\/www.harpandco.be\/index.php?rest_route=\/wp\/v2\/users\/1"}],"replies":[{"embeddable":true,"href":"https:\/\/www.harpandco.be\/index.php?rest_route=%2Fwp%2Fv2%2Fcomments&post=343"}],"version-history":[{"count":5,"href":"https:\/\/www.harpandco.be\/index.php?rest_route=\/wp\/v2\/posts\/343\/revisions"}],"predecessor-version":[{"id":469,"href":"https:\/\/www.harpandco.be\/index.php?rest_route=\/wp\/v2\/posts\/343\/revisions\/469"}],"wp:featuredmedia":[{"embeddable":true,"href":"https:\/\/www.harpandco.be\/index.php?rest_route=\/wp\/v2\/media\/344"}],"wp:attachment":[{"href":"https:\/\/www.harpandco.be\/index.php?rest_route=%2Fwp%2Fv2%2Fmedia&parent=343"}],"wp:term":[{"taxonomy":"category","embeddable":true,"href":"https:\/\/www.harpandco.be\/index.php?rest_route=%2Fwp%2Fv2%2Fcategories&post=343"},{"taxonomy":"post_tag","embeddable":true,"href":"https:\/\/www.harpandco.be\/index.php?rest_route=%2Fwp%2Fv2%2Ftags&post=343"}],"curies":[{"name":"wp","href":"https:\/\/api.w.org\/{rel}","templated":true}]}}